{"id":2956,"date":"2023-05-24T21:00:39","date_gmt":"2023-05-24T19:00:39","guid":{"rendered":"https:\/\/www.eet.bme.hu\/?p=2956"},"modified":"2023-05-24T21:03:55","modified_gmt":"2023-05-24T19:03:55","slug":"dr-poppe-andras-urbanek-dijban-reszesult","status":"publish","type":"post","link":"https:\/\/www.eet.bme.hu\/en\/2023\/05\/24\/dr-poppe-andras-urbanek-dijban-reszesult\/","title":{"rendered":"Dr. Poppe Andr\u00e1s Urbanek d\u00edjban r\u00e9szes\u00fclt"},"content":{"rendered":"<p>2023. m\u00e1jus 20-\u00e1n a Magyar Elektrotechnikai Egyes\u00fclet 99. Nyilv\u00e1nos K\u00fcld\u00f6ttgy\u0171l\u00e9s\u00e9n Dr. Poppe Andr\u00e1s professzor Urbanek J\u00e1nos d\u00edjat vehetett \u00e1t.<\/p>\n\n\n<p>A Magyar Elektrotechnikai Egyes\u00fclet az Urbanek J\u00e1nos d\u00edjat \u00e9vente olyan tagj\u00e1nak adom\u00e1nyozza, aki az Egyes\u00fcleti \u00e9let keret\u00e9n bel\u00fcl a vil\u00e1git\u00e1stechnika szakter\u00fclet\u00e9n kiemelked\u0151 elm\u00e9leti vagy gyakorlati tev\u00e9kenys\u00e9get folytat.<\/p>\n\n\n\n<figure class=\"wp-block-image size-large\"><a href=\"https:\/\/www.eet.bme.hu\/wp-content\/uploads\/2023\/05\/00015769.jpeg\"><img loading=\"lazy\" width=\"240\" height=\"232\" src=\"https:\/\/www.eet.bme.hu\/wp-content\/uploads\/2023\/05\/00015769.jpeg\" alt=\"\" class=\"wp-image-2957\" srcset=\"https:\/\/www.eet.bme.hu\/wp-content\/uploads\/2023\/05\/00015769.jpeg 240w, https:\/\/www.eet.bme.hu\/wp-content\/uploads\/2023\/05\/00015769-36x36.jpeg 36w\" sizes=\"(max-width: 240px) 100vw, 240px\" \/><\/a><\/figure>\n\n\n\n<p><\/p>\n","protected":false},"excerpt":{"rendered":"<p>2023. m\u00e1jus 20-\u00e1n a Magyar Elektrotechnikai Egyes\u00fclet 99. Nyilv\u00e1nos K\u00fcld\u00f6ttgy\u0171l\u00e9s\u00e9n Dr. Poppe Andr\u00e1s professzor Urbanek J\u00e1nos d\u00edjat vehetett \u00e1t. A Magyar Elektrotechnikai Egyes\u00fclet az Urbanek J\u00e1nos d\u00edjat \u00e9vente olyan tagj\u00e1nak adom\u00e1nyozza, aki az Egyes\u00fcleti \u00e9let keret\u00e9n bel\u00fcl a vil\u00e1git\u00e1stechnika szakter\u00fclet\u00e9n kiemelked\u0151 elm\u00e9leti vagy gyakorlati tev\u00e9kenys\u00e9get folytat.<\/p>\n","protected":false},"author":6,"featured_media":0,"comment_status":"closed","ping_status":"closed","sticky":false,"template":"","format":"standard","meta":[],"categories":[14],"tags":[],"_links":{"self":[{"href":"https:\/\/www.eet.bme.hu\/en\/wp-json\/wp\/v2\/posts\/2956"}],"collection":[{"href":"https:\/\/www.eet.bme.hu\/en\/wp-json\/wp\/v2\/posts"}],"about":[{"href":"https:\/\/www.eet.bme.hu\/en\/wp-json\/wp\/v2\/types\/post"}],"author":[{"embeddable":true,"href":"https:\/\/www.eet.bme.hu\/en\/wp-json\/wp\/v2\/users\/6"}],"replies":[{"embeddable":true,"href":"https:\/\/www.eet.bme.hu\/en\/wp-json\/wp\/v2\/comments?post=2956"}],"version-history":[{"count":2,"href":"https:\/\/www.eet.bme.hu\/en\/wp-json\/wp\/v2\/posts\/2956\/revisions"}],"predecessor-version":[{"id":2961,"href":"https:\/\/www.eet.bme.hu\/en\/wp-json\/wp\/v2\/posts\/2956\/revisions\/2961"}],"wp:attachment":[{"href":"https:\/\/www.eet.bme.hu\/en\/wp-json\/wp\/v2\/media?parent=2956"}],"wp:term":[{"taxonomy":"category","embeddable":true,"href":"https:\/\/www.eet.bme.hu\/en\/wp-json\/wp\/v2\/categories?post=2956"},{"taxonomy":"post_tag","embeddable":true,"href":"https:\/\/www.eet.bme.hu\/en\/wp-json\/wp\/v2\/tags?post=2956"}],"curies":[{"name":"wp","href":"https:\/\/api.w.org\/{rel}","templated":true}]}}