{"id":906,"date":"2013-05-22T07:08:07","date_gmt":"2013-05-22T05:08:07","guid":{"rendered":"https:\/\/www.eet.bme.hu\/2013\/05\/22\/az-eet-ismet-a-legzoldebb-tanszek\/"},"modified":"2013-05-22T07:08:07","modified_gmt":"2013-05-22T05:08:07","slug":"az-eet-ismet-a-legzoldebb-tanszek","status":"publish","type":"post","link":"https:\/\/www.eet.bme.hu\/en\/2013\/05\/22\/az-eet-ismet-a-legzoldebb-tanszek\/","title":{"rendered":"Az EET ism\u00e9t a legz\u00f6ldebb tansz\u00e9k"},"content":{"rendered":"<p>\n  2013. m\u00e1jus 21-\u00e9n az Egyetemi Z\u00f6ld K\u00f6r (EZK) d\u00edj\u00e1tad\u00f3j\u00e1n az Elektronikus Eszk\u00f6z\u00f6k Tansz\u00e9ke a <a href=\"http:\/\/ezk.bme.hu\/egyetem\/ZoldTanszek\/versenyrol\" target=\"_blank\">Z\u00f6ld Tansz\u00e9k Verseny<\/a><br \/>\n  gy\u0151ztesek\u00e9nt &#8220;megkapta az &#8220;\u00d6r\u00f6kz\u00f6ld Tansz\u00e9k&#8221; d\u00edjat.\n<\/p>\n<p>\n  Ez a d\u00edj az \u00e9veken \u00e1t tart\u00f3 kiemelked\u0151 szerepl\u00e9s\u00fcnk jutalma, ami mell\u00e9 egy kis feny\u0151f\u00e9l\u00e9t kaptunk. lletve ezzel kiss\u00e9 megv\u00e1ltozik a tansz\u00e9k szerepk\u00f6re is a z\u00f6ld gondolkod\u00e1sm\u00f3d h\u00edrdet\u00e9s\u00e9ben. A<br \/>\n  k\u00f6vetkez\u0151 p\u00e1r \u00e9vben versenyz\u0151k\u00e9nt m\u00e1r nem indulunk a versenyen, de lesz egyfajta mentor szerep\u00fcnk a t\u00f6bbi tansz\u00e9k seg\u00edt\u00e9s\u00e9re.\n<\/p>\n<p>\n  Ismerje meg az EET Z\u00f6ld Strat\u00e9gi\u00e1j\u00e1t a tansz\u00e9ki <a href=\"https:\/\/www.eet.bme.hu\/zoldtanszek\" target=\"_blank\">Z\u00f6ld Projekt oldalon<\/a>!\n<\/p>\n<div style=\"text-align: center\">\n  <img src=\"images\/stories\/hirek2\/zoldlogo.gif\" alt=\" \" \/>\n<\/div>\n<p><\/p>\n<p>\n  \u00a0<\/p>\n","protected":false},"excerpt":{"rendered":"<p>2013. m\u00e1jus 21-\u00e9n az Egyetemi Z\u00f6ld K\u00f6r (EZK) d\u00edj\u00e1tad\u00f3j\u00e1n az Elektronikus Eszk\u00f6z\u00f6k Tansz\u00e9ke a Z\u00f6ld Tansz\u00e9k Verseny gy\u0151ztesek\u00e9nt &#8220;megkapta az &#8220;\u00d6r\u00f6kz\u00f6ld Tansz\u00e9k&#8221; d\u00edjat. Ez a d\u00edj az \u00e9veken \u00e1t tart\u00f3 kiemelked\u0151 szerepl\u00e9s\u00fcnk jutalma, ami mell\u00e9 egy kis feny\u0151f\u00e9l\u00e9t kaptunk. lletve ezzel kiss\u00e9 megv\u00e1ltozik a tansz\u00e9k szerepk\u00f6re is a z\u00f6ld gondolkod\u00e1sm\u00f3d h\u00edrdet\u00e9s\u00e9ben. A k\u00f6vetkez\u0151 p\u00e1r \u00e9vben [&hellip;]<\/p>\n","protected":false},"author":1,"featured_media":0,"comment_status":"closed","ping_status":"closed","sticky":false,"template":"","format":"standard","meta":[],"categories":[24],"tags":[],"_links":{"self":[{"href":"https:\/\/www.eet.bme.hu\/en\/wp-json\/wp\/v2\/posts\/906"}],"collection":[{"href":"https:\/\/www.eet.bme.hu\/en\/wp-json\/wp\/v2\/posts"}],"about":[{"href":"https:\/\/www.eet.bme.hu\/en\/wp-json\/wp\/v2\/types\/post"}],"author":[{"embeddable":true,"href":"https:\/\/www.eet.bme.hu\/en\/wp-json\/wp\/v2\/users\/1"}],"replies":[{"embeddable":true,"href":"https:\/\/www.eet.bme.hu\/en\/wp-json\/wp\/v2\/comments?post=906"}],"version-history":[{"count":0,"href":"https:\/\/www.eet.bme.hu\/en\/wp-json\/wp\/v2\/posts\/906\/revisions"}],"wp:attachment":[{"href":"https:\/\/www.eet.bme.hu\/en\/wp-json\/wp\/v2\/media?parent=906"}],"wp:term":[{"taxonomy":"category","embeddable":true,"href":"https:\/\/www.eet.bme.hu\/en\/wp-json\/wp\/v2\/categories?post=906"},{"taxonomy":"post_tag","embeddable":true,"href":"https:\/\/www.eet.bme.hu\/en\/wp-json\/wp\/v2\/tags?post=906"}],"curies":[{"name":"wp","href":"https:\/\/api.w.org\/{rel}","templated":true}]}}